[{"@context":"https:\/\/schema.org\/","@type":"Article","@id":"https:\/\/www.kuksu.cz\/zimni-radovanky-se-blizi\/#Article","mainEntityOfPage":"https:\/\/www.kuksu.cz\/zimni-radovanky-se-blizi\/","headline":"Zimn\u00ed radov\u00e1nky se bl\u00ed\u017e\u00ed &#8230;","name":"Zimn\u00ed radov\u00e1nky se bl\u00ed\u017e\u00ed &#8230;","description":"Ski resort Bukov\u00e1 hora nab\u00edz\u00ed skv\u011blou rodinnou dovolenou anebo si m\u016f\u017eete vyjet i s\u00f3lo, kdy\u017e milujete individu\u00e1ln\u00ed pobyt na hor\u00e1ch. Nechcete se zaob\u00edrat pracovn\u00edmi starostmi, kter\u00e9 v\u00e1m p\u0159er\u016fstaj\u00ed p\u0159es hlavu? Pak je nejvy\u0161\u0161\u00ed \u010das si hlavu \u201evy\u010distit\u201c, a to nejl\u00e9pe [&hellip;]","datePublished":"2021-10-07","dateModified":"2023-04-29","author":{"@type":"Person","@id":"https:\/\/www.kuksu.cz\/author\/#Person","name":"","url":"https:\/\/www.kuksu.cz\/author\/","identifier":1,"image":{"@type":"ImageObject","@id":"https:\/\/secure.gravatar.com\/avatar\/d377e0490a87620b11de21ad8824e89a7cfe705f8d1d0508828fda84a9262785?s=96&d=mm&r=g","url":"https:\/\/secure.gravatar.com\/avatar\/d377e0490a87620b11de21ad8824e89a7cfe705f8d1d0508828fda84a9262785?s=96&d=mm&r=g","height":96,"width":96}},"publisher":{"@type":"Organization","name":"kuksu.cz","logo":{"@type":"ImageObject","@id":"\/logo.png","url":"\/logo.png","width":600,"height":60}},"image":{"@type":"ImageObject","@id":"https:\/\/www.kuksu.cz\/wp-content\/uploads\/Sn%C3%ADmek%20obrazovky%202021-12-05%20175440.png","url":"https:\/\/www.kuksu.cz\/wp-content\/uploads\/Sn%C3%ADmek%20obrazovky%202021-12-05%20175440.png","height":0,"width":0},"url":"https:\/\/www.kuksu.cz\/zimni-radovanky-se-blizi\/","about":["Slu\u017eby"],"wordCount":440,"articleBody":"     Ski resort Bukov\u00e1 hora nab\u00edz\u00ed skv\u011blou rodinnou dovolenou anebo si m\u016f\u017eete vyjet i s\u00f3lo, kdy\u017e milujete individu\u00e1ln\u00ed pobyt na hor\u00e1ch. Nechcete se zaob\u00edrat pracovn\u00edmi starostmi, kter\u00e9 v\u00e1m p\u0159er\u016fstaj\u00ed p\u0159es hlavu? Pak je nejvy\u0161\u0161\u00ed \u010das si hlavu \u201evy\u010distit\u201c, a to nejl\u00e9pe na zdrav\u00e9m a \u010derstv\u00e9m vzduchu, kter\u00fd v\u00e1m nab\u00edz\u00ed pr\u00e1v\u011b horsk\u00e1 oblast.Jakmile stanete v Orlick\u00fdch hor\u00e1ch, dostane se v\u00e1m \u00fa\u017easn\u00e9 vyhl\u00eddky na skaln\u00ed zasn\u011b\u017een\u00e9 masivy a b\u00e1je\u010dn\u00e9 sjezdov\u00e9 trat\u011b, kter\u00fdch je dostatek na to, abyste je za cel\u00fd t\u00fdden profr\u010deli. Nen\u00ed tajemstv\u00edm, \u017ee toto modern\u00ed a po\u0159\u00e1d se rozv\u00edjej\u00edc\u00ed horsk\u00e9 st\u0159edisko se nemus\u00ed sv\u00fdmi slu\u017ebami a mo\u017enostmi za nic styd\u011bt a dosahuje u\u017e i sv\u00fdmi parametry st\u0159ediska alpsk\u00e9 \u00farovn\u011b.M\u00e1te mo\u017enost vyzkou\u0161et dv\u011b nejdel\u0161\u00ed sjezdovky v Orlick\u00fdch hor\u00e1ch a super nejmodern\u011bj\u0161\u00ed seda\u010dkovou lanovku, kam se pohodln\u011b vm\u00edst\u00ed cel\u00e1 va\u0161e rodina nebo alespo\u0148 v\u011bt\u0161\u00ed \u010d\u00e1st. Proto\u017ee lanovka je pro \u010dty\u0159i osoby a co je velmi mil\u00e9 a v mrazu a sn\u011bhu velice v\u00edtan\u00e9, jako jedna z m\u00e1la seda\u010dkov\u00fdch lanovek v \u010cesk\u00e9 republice vynik\u00e1 t\u00edm, \u017ee m\u00e1 fakt vyh\u0159\u00edvan\u00e9 seda\u010dky. Naprost\u00e1 bomba a \u00fa\u017easn\u00fd komfort! To mus\u00edte vyzkou\u0161et. A k tomu dal\u0161\u00ed bonus.Seda\u010dky jsou nadto kryt\u00e9 tak zvanou b u b l i n o u, kter\u00e1 chr\u00e1n\u00ed ly\u017ea\u0159e a vyznava\u010de snowboardingu, kdy\u017e nep\u0159\u00edjemn\u011b fouk\u00e1 v\u00edtr \u010di se mraky zat\u00e1hnou a spust\u00ed se nep\u0159\u00edjemn\u00e9 sn\u011b\u017een\u00ed. Jasn\u00e9 \u2013 na hor\u00e1ch je sn\u011b\u017een\u00ed i v\u00edtan\u00e9 a p\u0159irozen\u00e9, ale p\u0159ece jen, kdy\u017e se vezete na kopec, sed\u00edte na vyh\u0159\u00edvan\u00fdch seda\u010dk\u00e1ch a shora jste nav\u00edc chr\u00e1n\u011bni b u b l i n o u, to je p\u0159ece bo\u017e\u00ed!Nev\u00e1hejte a zabukujte si ml\u00fdnick\u00fd dv\u016fr ubytov\u00e1n\u00edvoln\u00e9 apartm\u00e1ny ji\u017e dnes, proto\u017ee pro v\u00e1s m\u00e1me dal\u0161\u00ed skv\u011blou zpr\u00e1vu. V\u00e1no\u010dn\u00ed p\u0159edprodej skipas\u016f b\u011b\u017e\u00ed za nejlep\u0161\u00ed ceny, co\u017e znamen\u00e1 za nejni\u017e\u0161\u00ed mo\u017en\u00e9 ceny!Start sez\u00f3ny se p\u0159edpokl\u00e1d\u00e1 na v\u00edkend od sedmn\u00e1ct\u00e9ho do devaten\u00e1ct\u00e9ho prosince a kdy\u017e bude po\u010das\u00ed p\u0159\u00edv\u011btiv\u00e9 ly\u017eov\u00e1n\u00ed, m\u016f\u017eete sm\u011ble vyrazit. A vy u\u017e budete m\u00edt n\u00e1skok, proto\u017ee apartm\u00e1ny budou zabukovan\u00e9 \u010dekat ji\u017e jen na v\u00e1s \u2026                                                                                                                                                                                                                                                                                                                                                                                         3.5\/5 - (2 votes)        "},{"@context":"https:\/\/schema.org\/","@type":"BreadcrumbList","itemListElement":[{"@type":"ListItem","position":1,"name":"Zimn\u00ed radov\u00e1nky se bl\u00ed\u017e\u00ed &#8230;","item":"https:\/\/www.kuksu.cz\/zimni-radovanky-se-blizi\/#breadcrumbitem"}]}]