[{"@context":"https:\/\/schema.org\/","@type":"Article","@id":"https:\/\/www.kuksu.cz\/v-praze-se-objevi-prvni-cesky-primark\/#Article","mainEntityOfPage":"https:\/\/www.kuksu.cz\/v-praze-se-objevi-prvni-cesky-primark\/","headline":"V Praze se objev\u00ed prvn\u00ed \u010desk\u00fd Primark","name":"V Praze se objev\u00ed prvn\u00ed \u010desk\u00fd Primark","description":"Mnoho lid\u00ed si uv\u011bdomuje, \u017ee rychl\u00e1 m\u00f3da je pro planetu i obyvatele zem\u00ed t\u0159et\u00edho sv\u011bta velmi \u0161patn\u00e1. I p\u0159esto je ale v \u010cech\u00e1ch st\u00e1le velmi obl\u00edben\u00e1. Aby tak\u00e9 ne. Obchody jako je Zara, New Yorker nebo H&amp;M ovliv\u0148uj\u00ed z\u00e1kazn\u00edky propracovanou [&hellip;]","datePublished":"2019-07-07","dateModified":"2023-04-29","author":{"@type":"Person","@id":"https:\/\/www.kuksu.cz\/author\/#Person","name":"","url":"https:\/\/www.kuksu.cz\/author\/","identifier":1,"image":{"@type":"ImageObject","@id":"https:\/\/secure.gravatar.com\/avatar\/d377e0490a87620b11de21ad8824e89a7cfe705f8d1d0508828fda84a9262785?s=96&d=mm&r=g","url":"https:\/\/secure.gravatar.com\/avatar\/d377e0490a87620b11de21ad8824e89a7cfe705f8d1d0508828fda84a9262785?s=96&d=mm&r=g","height":96,"width":96}},"publisher":{"@type":"Organization","name":"kuksu.cz","logo":{"@type":"ImageObject","@id":"\/logo.png","url":"\/logo.png","width":600,"height":60}},"image":{"@type":"ImageObject","@id":"https:\/\/www.kuksu.cz\/wp-content\/uploads\/img_a350094_w2631_t1564932960.jpg","url":"https:\/\/www.kuksu.cz\/wp-content\/uploads\/img_a350094_w2631_t1564932960.jpg","height":0,"width":0},"url":"https:\/\/www.kuksu.cz\/v-praze-se-objevi-prvni-cesky-primark\/","about":["Slu\u017eby"],"wordCount":412,"articleBody":" Mnoho lid\u00ed si uv\u011bdomuje, \u017ee rychl\u00e1 m\u00f3da je pro planetu i obyvatele zem\u00ed t\u0159et\u00edho sv\u011bta velmi \u0161patn\u00e1. I p\u0159esto je ale v \u010cech\u00e1ch st\u00e1le velmi obl\u00edben\u00e1. Aby tak\u00e9 ne. Obchody jako je Zara, New Yorker nebo H&amp;M ovliv\u0148uj\u00ed z\u00e1kazn\u00edky propracovanou reklamou, slevami a dal\u0161\u00edmi akcemi. A pro n\u00e1s je \u010dasto t\u011b\u017ek\u00e9 tomu odolat. Nav\u00edc tam najdete nejnov\u011bj\u0161\u00ed m\u00f3dn\u00ed trendy a n\u00edzk\u00e9 ceny.  The Flow Building Jde o velmi modern\u00ed, architektonicky zaj\u00edmav\u00fd projekt na V\u00e1clavsk\u00e9m n\u00e1m\u011bst\u00ed, a to na rohu s Opletalovou ulic\u00ed. D\u0159\u00edve se budov\u011b \u0159\u00edkalo Kv\u011btinov\u00fd d\u016fm a je\u0161t\u011b p\u0159edt\u00edm na stejn\u00e9m m\u00edst\u011b st\u00e1l historick\u00fd D\u016fm U Turk\u016f z roku 1880. Nyn\u00ed tam ov\u0161em najdete dev\u011bt nadzemn\u00edch pater o 15 tis\u00edc\u00edch metr\u016f \u010dtvere\u010dn\u00edch ur\u010den\u00fdch jako kancel\u00e1\u0159e a dal\u0161\u00edch 6 tis\u00edc \u010dtvere\u010dn\u00edch metr\u016f ur\u010den\u00fdch pro maloobchodn\u00ed prodej. V podzemn\u00edm prostoru jsou t\u0159i patra pro parkov\u00e1n\u00ed. Zaparkovat tam m\u016f\u017ee 129 automobil\u016f a z toho 50 elektromobil\u016f. Bude to velk\u00e9 Primark podle n\u00e1jemn\u00ed smlouvy dostane k dispozici 4,7 tis\u00edce metr\u016f \u010dtvere\u010dn\u00edch, kter\u00e1 p\u016fjdou p\u0159es t\u0159i podla\u017e\u00ed. Tak bude mo\u017en\u00e9 pobo\u010dku \u0161ikovn\u011b rozd\u011blit na jednotliv\u00e9 kategorie (p\u00e1nsk\u00e9, d\u00e1msk\u00e9, d\u011btsk\u00e9) a pro tento obrovsk\u00fd obchod jde o v\u00fdhodnou pozici. P\u0159ece jen na V\u00e1clavsk\u00e9m n\u00e1m\u011bst\u00ed je neuv\u011b\u0159iteln\u00e9 mno\u017estv\u00ed lid\u00ed. Na to tak\u00e9 bude c\u00edlen\u00fd marketing.  \u0160ikovn\u00e1 reklama Primark bude pravd\u011bpodobn\u011b pracovat s tzv. n\u00e1hodn\u00fdm nakupov\u00e1n\u00edm. To znamen\u00e1, \u017ee klient jde jen tak kolem, d\u00edv\u00e1 se dovnit\u0159 a vzhledem k tomu, \u017ee je prodejna dostate\u010dn\u011b atraktivn\u00ed, tak nakoup\u00ed. Dal\u0161\u00edm marketingov\u00fdm n\u00e1strojem bude i e-shop, kde si budete moci oble\u010den\u00ed vybrat, zaplatit a pot\u00e9 vyzvednout na prodejn\u011b. Negativn\u00ed pov\u011bst V souvislosti s Primarkem se ov\u0161em v\u011bt\u0161inou nemluv\u00ed o m\u00f3d\u011b, ale o nehum\u00e1nn\u00edch podm\u00ednk\u00e1ch pro pracovn\u00edky v asijsk\u00fdch z\u00e1vodech a vysok\u00e9 uhl\u00edkov\u00e9 stop\u011b. Do m\u00e9di\u00ed se dostaly nap\u0159. kv\u016fli vzkaz\u016fm o pomoc, kter\u00e9 se na\u0161ly v ur\u010dit\u00fdch kusech oble\u010den\u00ed. Obzvl\u00e1\u0161\u0165 znepokojiv\u00fd byl objev lidsk\u00e9 kosti v pono\u017ece, kterou si n\u011bkdo koupil v Essexu.                                                                                                                                                                                                                                                                                                                                                                                        3.9\/5 - (11 votes)        "},{"@context":"https:\/\/schema.org\/","@type":"BreadcrumbList","itemListElement":[{"@type":"ListItem","position":1,"name":"V Praze se objev\u00ed prvn\u00ed \u010desk\u00fd Primark","item":"https:\/\/www.kuksu.cz\/v-praze-se-objevi-prvni-cesky-primark\/#breadcrumbitem"}]}]