[{"@context":"https:\/\/schema.org\/","@type":"Article","@id":"https:\/\/www.kuksu.cz\/proc-muzi-plesati\/#Article","mainEntityOfPage":"https:\/\/www.kuksu.cz\/proc-muzi-plesati\/","headline":"Pro\u010d mu\u017ei ple\u0161at\u00ed","name":"Pro\u010d mu\u017ei ple\u0161at\u00ed","description":"Denn\u011b ka\u017ed\u00e9mu z n\u00e1s vypadne 40 a\u017e 130 vlas\u016f. Pokud je to v\u00edc n\u011bco nen\u00ed v po\u0159\u00e1dku. V t\u00e9to chv\u00edli se mu\u017ei za\u010d\u00ednaj\u00ed velice stresovat, zda za p\u00e1r let nebudou ple\u0161at\u00ed. T\u00e9m\u011b\u0159 polovina mu\u017e\u016f kolem pades\u00e1ti let t\u00edmto probl\u00e9mem trp\u00ed. [&hellip;]","datePublished":"2019-08-21","dateModified":"2023-04-29","author":{"@type":"Person","@id":"https:\/\/www.kuksu.cz\/author\/#Person","name":"","url":"https:\/\/www.kuksu.cz\/author\/","identifier":1,"image":{"@type":"ImageObject","@id":"https:\/\/secure.gravatar.com\/avatar\/d377e0490a87620b11de21ad8824e89a7cfe705f8d1d0508828fda84a9262785?s=96&d=mm&r=g","url":"https:\/\/secure.gravatar.com\/avatar\/d377e0490a87620b11de21ad8824e89a7cfe705f8d1d0508828fda84a9262785?s=96&d=mm&r=g","height":96,"width":96}},"publisher":{"@type":"Organization","name":"kuksu.cz","logo":{"@type":"ImageObject","@id":"\/logo.png","url":"\/logo.png","width":600,"height":60}},"image":{"@type":"ImageObject","@id":"https:\/\/www.kuksu.cz\/wp-content\/uploads\/img_a352092_w3320_t1566560388.jpg","url":"https:\/\/www.kuksu.cz\/wp-content\/uploads\/img_a352092_w3320_t1566560388.jpg","height":0,"width":0},"url":"https:\/\/www.kuksu.cz\/proc-muzi-plesati\/","about":["Mu\u017ei"],"wordCount":424,"articleBody":"Denn\u011b ka\u017ed\u00e9mu z n\u00e1s vypadne 40 a\u017e 130 vlas\u016f. Pokud je to v\u00edc n\u011bco nen\u00ed v po\u0159\u00e1dku. V t\u00e9to chv\u00edli se mu\u017ei za\u010d\u00ednaj\u00ed velice stresovat, zda za p\u00e1r let nebudou ple\u0161at\u00ed. T\u00e9m\u011b\u0159 polovina mu\u017e\u016f kolem pades\u00e1ti let t\u00edmto probl\u00e9mem trp\u00ed. Neprojev\u00ed se ze dne na den, ale d\u00e1 se \u0159\u00edct, \u017ee se projevuje pl\u00ed\u017eiv\u011b. U mu\u017e\u016f se nej\u010dast\u011bji vyskytuj\u00ed kouty, \u0159\u00eddnut\u00ed a slabost vlas\u016f nebo lysinky. Ztr\u00e1ta vlas\u016f b\u00fdv\u00e1 l\u00e9ka\u0159sk\u00fdm term\u00ednem ozna\u010dov\u00e1na jako alopecia a na sv\u011bdom\u00ed j\u00ed m\u00e1 n\u011bkolik faktor\u016f. \u00b7 D\u011bdi\u010dnost \u2013 Pod\u00edl\u00ed se z 90 % na tom, zda t\u00edmto probl\u00e9mem budete trp\u011bt. Sta\u010d\u00ed se jen pod\u00edvat na sv\u00e9 rodi\u010de a prarodi\u010de. Jestli\u017ee nikdo z nich t\u00edmto probl\u00e9mem netrp\u011bl a v\u0161ichni m\u011bli i ve sv\u00e9m st\u00e1\u0159\u00ed relativn\u011b hustou h\u0159\u00edvu, nem\u00e1te se \u010deho ob\u00e1vat. Pokud m\u00e1te ale tento probl\u00e9m d\u00e1n geneticky, moc s t\u00edm nezm\u016f\u017eete. \u00b7 Testosteron \u2013 Tento mu\u017esk\u00fd hormon m\u00e1 taky sv\u016fj pod\u00edl na vypad\u00e1v\u00e1n\u00ed vlas\u016f. Pokud je jeho hladina vysok\u00e1 m\u016f\u017ee doch\u00e1zet k ni\u010den\u00ed vlasov\u00fdch ko\u0159\u00ednk\u016f, co\u017e m\u00e1 za n\u00e1sledek jejich vypad\u00e1v\u00e1n\u00ed. Proto tak\u00e9 n\u011bkte\u0159\u00ed mu\u017ei za\u010dnou ple\u0161at\u011bt ji\u017e okolo dvac\u00e1t\u00e9ho a\u017e t\u0159ic\u00e1t\u00e9ho roku v\u011bku, kdy je hladina tohoto hormonu nejvy\u0161\u0161\u00ed. \u00b7 Stres a trauma \u2013 Pokud se jedn\u00e1 o stres, kter\u00fd je jen kr\u00e1tkodob\u00fd a za\u010dnou v\u00e1m trochu \u0159\u00eddnou vlasy, nemus\u00edte se moc ob\u00e1vat. M\u00e1 se za to, \u017ee tyto vlasy zp\u011bt narostou. Pokud se ale jedn\u00e1 o stres dlouhodob\u00fd a s n\u00edm je\u0161t\u011b spojen\u00e9 rapidn\u00ed v\u00fdkyvy na v\u00e1ze, situace je mnohem hor\u0161\u00ed. \u00b7 Pokr\u00fdvky hlavy \u2013 V\u011bdci zat\u00edm nepotvrdili obecn\u011b za\u017eit\u00fd fakt, kter\u00fd \u0159\u00edk\u00e1 \u017ee pokud nos\u00edte k\u0161iltovky a jin\u00e9 pokr\u00fdvky hlavy budete ple\u0161at\u00ed. Ov\u0161em je potvrzeno, \u017ee jejich no\u0161en\u00edm mohou vznikat z\u00e1n\u011bty vlasov\u00e9 poko\u017eky, kter\u00e9 mohou m\u00edt za n\u00e1sledek vypad\u00e1v\u00e1n\u00ed vlas\u016f. \u00b7 Gely na vlasy a dal\u0161\u00ed p\u0159\u00edpravky \u2013 Jako takov\u00e9 p\u0159\u00edmo vypad\u00e1v\u00e1n\u00ed nezp\u016fsobuj\u00ed. Mnohem hor\u0161\u00ed je \u010dast\u00e9 pou\u017e\u00edv\u00e1n\u00ed f\u00e9n\u016f a \u017eehli\u010dek na vlasy. Ty toti\u017e zp\u016fsobuj\u00ed ni\u010den\u00ed a oslabov\u00e1n\u00ed vlas\u016f, kter\u00e9 jsou pot\u00e9 mnohem n\u00e1chyln\u011bj\u0161\u00ed k jejich vypadnut\u00ed.                                                                                                                                                                                                                                                                                                                                                                                         4.2\/5 - (10 votes)        "},{"@context":"https:\/\/schema.org\/","@type":"BreadcrumbList","itemListElement":[{"@type":"ListItem","position":1,"name":"Pro\u010d mu\u017ei ple\u0161at\u00ed","item":"https:\/\/www.kuksu.cz\/proc-muzi-plesati\/#breadcrumbitem"}]}]