[{"@context":"https:\/\/schema.org\/","@type":"Blog","@id":"https:\/\/www.kuksu.cz#Blog","headline":"Kuksu","description":"\nHled\u00e1te na internetu n\u011bjakou u\u010din\u011bnou studnici moudrosti? Pak v\u011bzte, \u017ee se tato nal\u00e9z\u00e1 u n\u00e1s, na na\u0161em webu. A jak\u00fd m\u00e1 u n\u00e1s jenom siln\u00fd pramen!","url":"https:\/\/www.kuksu.cz","hasPart":[{"@type":"Article","@id":"https:\/\/www.kuksu.cz\/bez-chemie-to-nepujde\/","headline":"Bez chemie to nep\u016fjde","url":"https:\/\/www.kuksu.cz\/bez-chemie-to-nepujde\/","datePublished":"2019-09-13","dateModified":"2023-04-29","mainEntityOfPage":"https:\/\/www.kuksu.cz\/bez-chemie-to-nepujde\/","author":{"@type":"Person","@id":"https:\/\/www.kuksu.cz\/author\/#Person","name":"","url":"https:\/\/www.kuksu.cz\/author\/","identifier":1,"image":{"@type":"ImageObject","@id":"https:\/\/secure.gravatar.com\/avatar\/d377e0490a87620b11de21ad8824e89a7cfe705f8d1d0508828fda84a9262785?s=96&d=mm&r=g","url":"https:\/\/secure.gravatar.com\/avatar\/d377e0490a87620b11de21ad8824e89a7cfe705f8d1d0508828fda84a9262785?s=96&d=mm&r=g","height":96,"width":96}},"publisher":{"@type":"Organization","name":"kuksu.cz","logo":{"@type":"ImageObject","@id":"\/logo.png","url":"\/logo.png","width":600,"height":60}},"image":{"@type":"ImageObject","@id":"https:\/\/www.kuksu.cz\/wp-content\/uploads\/img_a351879_w1778_t1566454819.jpg","url":"https:\/\/www.kuksu.cz\/wp-content\/uploads\/img_a351879_w1778_t1566454819.jpg","height":0,"width":0},"wordCount":570,"keywords":null},{"@type":"Article","@id":"https:\/\/www.kuksu.cz\/jaky-tisk-zvolite\/","headline":"Jak\u00fd tisk zvol\u00edte?","url":"https:\/\/www.kuksu.cz\/jaky-tisk-zvolite\/","datePublished":"2019-09-13","dateModified":"2023-04-29","mainEntityOfPage":"https:\/\/www.kuksu.cz\/jaky-tisk-zvolite\/","author":{"@type":"Person","@id":"https:\/\/www.kuksu.cz\/author\/#Person","name":"","url":"https:\/\/www.kuksu.cz\/author\/","identifier":1,"image":{"@type":"ImageObject","@id":"https:\/\/secure.gravatar.com\/avatar\/d377e0490a87620b11de21ad8824e89a7cfe705f8d1d0508828fda84a9262785?s=96&d=mm&r=g","url":"https:\/\/secure.gravatar.com\/avatar\/d377e0490a87620b11de21ad8824e89a7cfe705f8d1d0508828fda84a9262785?s=96&d=mm&r=g","height":96,"width":96}},"publisher":{"@type":"Organization","name":"kuksu.cz","logo":{"@type":"ImageObject","@id":"\/logo.png","url":"\/logo.png","width":600,"height":60}},"image":{"@type":"ImageObject","@id":"https:\/\/www.kuksu.cz\/wp-content\/uploads\/img_a366023_w2050_t1578588897.jpg","url":"https:\/\/www.kuksu.cz\/wp-content\/uploads\/img_a366023_w2050_t1578588897.jpg","height":0,"width":0},"wordCount":533,"keywords":null},{"@type":"Article","@id":"https:\/\/www.kuksu.cz\/evidence-zakazek\/","headline":"Evidence zak\u00e1zek","url":"https:\/\/www.kuksu.cz\/evidence-zakazek\/","datePublished":"2019-09-12","dateModified":"2023-04-29","mainEntityOfPage":"https:\/\/www.kuksu.cz\/evidence-zakazek\/","author":{"@type":"Person","@id":"https:\/\/www.kuksu.cz\/author\/#Person","name":"","url":"https:\/\/www.kuksu.cz\/author\/","identifier":1,"image":{"@type":"ImageObject","@id":"https:\/\/secure.gravatar.com\/avatar\/d377e0490a87620b11de21ad8824e89a7cfe705f8d1d0508828fda84a9262785?s=96&d=mm&r=g","url":"https:\/\/secure.gravatar.com\/avatar\/d377e0490a87620b11de21ad8824e89a7cfe705f8d1d0508828fda84a9262785?s=96&d=mm&r=g","height":96,"width":96}},"publisher":{"@type":"Organization","name":"kuksu.cz","logo":{"@type":"ImageObject","@id":"\/logo.png","url":"\/logo.png","width":600,"height":60}},"image":{"@type":"ImageObject","@id":"https:\/\/www.kuksu.cz\/wp-content\/uploads\/img_a343609_w1710_t1556604579.jpg","url":"https:\/\/www.kuksu.cz\/wp-content\/uploads\/img_a343609_w1710_t1556604579.jpg","height":0,"width":0},"wordCount":535,"keywords":null},{"@type":"Article","@id":"https:\/\/www.kuksu.cz\/jak-na-krasne-rasy\/","headline":"Jak na kr\u00e1sn\u00e9 \u0159asy","url":"https:\/\/www.kuksu.cz\/jak-na-krasne-rasy\/","datePublished":"2019-09-06","dateModified":"2023-04-29","mainEntityOfPage":"https:\/\/www.kuksu.cz\/jak-na-krasne-rasy\/","author":{"@type":"Person","@id":"https:\/\/www.kuksu.cz\/author\/#Person","name":"","url":"https:\/\/www.kuksu.cz\/author\/","identifier":1,"image":{"@type":"ImageObject","@id":"https:\/\/secure.gravatar.com\/avatar\/d377e0490a87620b11de21ad8824e89a7cfe705f8d1d0508828fda84a9262785?s=96&d=mm&r=g","url":"https:\/\/secure.gravatar.com\/avatar\/d377e0490a87620b11de21ad8824e89a7cfe705f8d1d0508828fda84a9262785?s=96&d=mm&r=g","height":96,"width":96}},"publisher":{"@type":"Organization","name":"kuksu.cz","logo":{"@type":"ImageObject","@id":"\/logo.png","url":"\/logo.png","width":600,"height":60}},"image":{"@type":"ImageObject","@id":"https:\/\/www.kuksu.cz\/wp-content\/uploads\/img_a347399_w2937_t1561632184.jpg","url":"https:\/\/www.kuksu.cz\/wp-content\/uploads\/img_a347399_w2937_t1561632184.jpg","height":0,"width":0},"wordCount":478,"keywords":null},{"@type":"Article","@id":"https:\/\/www.kuksu.cz\/audi-znacka-nemeckeho-luxusu-a-spolehlivosti\/","headline":"Audi \u2013 zna\u010dka n\u011bmeck\u00e9ho luxusu a spolehlivosti","url":"https:\/\/www.kuksu.cz\/audi-znacka-nemeckeho-luxusu-a-spolehlivosti\/","datePublished":"2019-09-04","dateModified":"2023-04-29","mainEntityOfPage":"https:\/\/www.kuksu.cz\/audi-znacka-nemeckeho-luxusu-a-spolehlivosti\/","author":{"@type":"Person","@id":"https:\/\/www.kuksu.cz\/author\/#Person","name":"","url":"https:\/\/www.kuksu.cz\/author\/","identifier":1,"image":{"@type":"ImageObject","@id":"https:\/\/secure.gravatar.com\/avatar\/d377e0490a87620b11de21ad8824e89a7cfe705f8d1d0508828fda84a9262785?s=96&d=mm&r=g","url":"https:\/\/secure.gravatar.com\/avatar\/d377e0490a87620b11de21ad8824e89a7cfe705f8d1d0508828fda84a9262785?s=96&d=mm&r=g","height":96,"width":96}},"publisher":{"@type":"Organization","name":"kuksu.cz","logo":{"@type":"ImageObject","@id":"\/logo.png","url":"\/logo.png","width":600,"height":60}},"image":{"@type":"ImageObject","@id":"https:\/\/www.kuksu.cz\/wp-content\/uploads\/img_a354984_w3320_t1569424302.jpg","url":"https:\/\/www.kuksu.cz\/wp-content\/uploads\/img_a354984_w3320_t1569424302.jpg","height":0,"width":0},"wordCount":481,"keywords":null},{"@type":"Article","@id":"https:\/\/www.kuksu.cz\/proc-muzi-plesati\/","headline":"Pro\u010d mu\u017ei ple\u0161at\u00ed","url":"https:\/\/www.kuksu.cz\/proc-muzi-plesati\/","datePublished":"2019-08-21","dateModified":"2023-04-29","mainEntityOfPage":"https:\/\/www.kuksu.cz\/proc-muzi-plesati\/","author":{"@type":"Person","@id":"https:\/\/www.kuksu.cz\/author\/#Person","name":"","url":"https:\/\/www.kuksu.cz\/author\/","identifier":1,"image":{"@type":"ImageObject","@id":"https:\/\/secure.gravatar.com\/avatar\/d377e0490a87620b11de21ad8824e89a7cfe705f8d1d0508828fda84a9262785?s=96&d=mm&r=g","url":"https:\/\/secure.gravatar.com\/avatar\/d377e0490a87620b11de21ad8824e89a7cfe705f8d1d0508828fda84a9262785?s=96&d=mm&r=g","height":96,"width":96}},"publisher":{"@type":"Organization","name":"kuksu.cz","logo":{"@type":"ImageObject","@id":"\/logo.png","url":"\/logo.png","width":600,"height":60}},"image":{"@type":"ImageObject","@id":"https:\/\/www.kuksu.cz\/wp-content\/uploads\/img_a352092_w3320_t1566560388.jpg","url":"https:\/\/www.kuksu.cz\/wp-content\/uploads\/img_a352092_w3320_t1566560388.jpg","height":0,"width":0},"wordCount":4519,"keywords":null},{"@type":"Article","@id":"https:\/\/www.kuksu.cz\/v-praze-se-objevi-prvni-cesky-primark\/","headline":"V Praze se objev\u00ed prvn\u00ed \u010desk\u00fd Primark","url":"https:\/\/www.kuksu.cz\/v-praze-se-objevi-prvni-cesky-primark\/","datePublished":"2019-07-07","dateModified":"2023-04-29","mainEntityOfPage":"https:\/\/www.kuksu.cz\/v-praze-se-objevi-prvni-cesky-primark\/","author":{"@type":"Person","@id":"https:\/\/www.kuksu.cz\/author\/#Person","name":"","url":"https:\/\/www.kuksu.cz\/author\/","identifier":1,"image":{"@type":"ImageObject","@id":"https:\/\/secure.gravatar.com\/avatar\/d377e0490a87620b11de21ad8824e89a7cfe705f8d1d0508828fda84a9262785?s=96&d=mm&r=g","url":"https:\/\/secure.gravatar.com\/avatar\/d377e0490a87620b11de21ad8824e89a7cfe705f8d1d0508828fda84a9262785?s=96&d=mm&r=g","height":96,"width":96}},"publisher":{"@type":"Organization","name":"kuksu.cz","logo":{"@type":"ImageObject","@id":"\/logo.png","url":"\/logo.png","width":600,"height":60}},"image":{"@type":"ImageObject","@id":"https:\/\/www.kuksu.cz\/wp-content\/uploads\/img_a350094_w2631_t1564932960.jpg","url":"https:\/\/www.kuksu.cz\/wp-content\/uploads\/img_a350094_w2631_t1564932960.jpg","height":0,"width":0},"wordCount":501,"keywords":null},{"@type":"Article","@id":"https:\/\/www.kuksu.cz\/dobra-rada-ktera-potesi-vlastniky-zaznamu-v-registru\/","headline":"Dobr\u00e1 rada, kter\u00e1 pot\u011b\u0161\u00ed vlastn\u00edky z\u00e1znamu v registru","url":"https:\/\/www.kuksu.cz\/dobra-rada-ktera-potesi-vlastniky-zaznamu-v-registru\/","datePublished":"2019-05-27","dateModified":"2019-05-27","mainEntityOfPage":"https:\/\/www.kuksu.cz\/dobra-rada-ktera-potesi-vlastniky-zaznamu-v-registru\/","author":{"@type":"Person","@id":"https:\/\/www.kuksu.cz\/author\/#Person","name":"","url":"https:\/\/www.kuksu.cz\/author\/","identifier":1,"image":{"@type":"ImageObject","@id":"https:\/\/secure.gravatar.com\/avatar\/d377e0490a87620b11de21ad8824e89a7cfe705f8d1d0508828fda84a9262785?s=96&d=mm&r=g","url":"https:\/\/secure.gravatar.com\/avatar\/d377e0490a87620b11de21ad8824e89a7cfe705f8d1d0508828fda84a9262785?s=96&d=mm&r=g","height":96,"width":96}},"publisher":{"@type":"Organization","name":"kuksu.cz","logo":{"@type":"ImageObject","@id":"\/logo.png","url":"\/logo.png","width":600,"height":60}},"image":{"@type":"ImageObject","@id":"https:\/\/www.kuksu.cz\/wp-content\/uploads\/img_a350525_w1702_t1565277913.png","url":"https:\/\/www.kuksu.cz\/wp-content\/uploads\/img_a350525_w1702_t1565277913.png","height":0,"width":0},"wordCount":523,"keywords":null},{"@type":"Article","@id":"https:\/\/www.kuksu.cz\/nabytek-do-interieru-a-zahrad-si-zvladne-udelat-kazdy\/","headline":"N\u00e1bytek do interi\u00e9ru a zahrad si zvl\u00e1dne ud\u011blat ka\u017ed\u00fd","url":"https:\/\/www.kuksu.cz\/nabytek-do-interieru-a-zahrad-si-zvladne-udelat-kazdy\/","datePublished":"2019-04-27","dateModified":"2023-10-10","mainEntityOfPage":"https:\/\/www.kuksu.cz\/nabytek-do-interieru-a-zahrad-si-zvladne-udelat-kazdy\/","author":{"@type":"Person","@id":"https:\/\/www.kuksu.cz\/author\/#Person","name":"","url":"https:\/\/www.kuksu.cz\/author\/","identifier":1,"image":{"@type":"ImageObject","@id":"https:\/\/secure.gravatar.com\/avatar\/d377e0490a87620b11de21ad8824e89a7cfe705f8d1d0508828fda84a9262785?s=96&d=mm&r=g","url":"https:\/\/secure.gravatar.com\/avatar\/d377e0490a87620b11de21ad8824e89a7cfe705f8d1d0508828fda84a9262785?s=96&d=mm&r=g","height":96,"width":96}},"publisher":{"@type":"Organization","name":"kuksu.cz","logo":{"@type":"ImageObject","@id":"\/logo.png","url":"\/logo.png","width":600,"height":60}},"image":{"@type":"ImageObject","@id":"https:\/\/www.kuksu.cz\/wp-content\/uploads\/img_a344246_w1718_t1557819117.jpg","url":"https:\/\/www.kuksu.cz\/wp-content\/uploads\/img_a344246_w1718_t1557819117.jpg","height":0,"width":0},"wordCount":603,"keywords":null},{"@type":"Article","@id":"https:\/\/www.kuksu.cz\/domaci-mazlicci-maji-na-silvestr-jiny-nazor\/","headline":"Dom\u00e1c\u00ed mazl\u00ed\u010dci maj\u00ed na Silvestr jin\u00fd n\u00e1zor","url":"https:\/\/www.kuksu.cz\/domaci-mazlicci-maji-na-silvestr-jiny-nazor\/","datePublished":"2019-04-02","dateModified":"2023-04-29","mainEntityOfPage":"https:\/\/www.kuksu.cz\/domaci-mazlicci-maji-na-silvestr-jiny-nazor\/","author":{"@type":"Person","@id":"https:\/\/www.kuksu.cz\/author\/#Person","name":"","url":"https:\/\/www.kuksu.cz\/author\/","identifier":1,"image":{"@type":"ImageObject","@id":"https:\/\/secure.gravatar.com\/avatar\/d377e0490a87620b11de21ad8824e89a7cfe705f8d1d0508828fda84a9262785?s=96&d=mm&r=g","url":"https:\/\/secure.gravatar.com\/avatar\/d377e0490a87620b11de21ad8824e89a7cfe705f8d1d0508828fda84a9262785?s=96&d=mm&r=g","height":96,"width":96}},"publisher":{"@type":"Organization","name":"kuksu.cz","logo":{"@type":"ImageObject","@id":"\/logo.png","url":"\/logo.png","width":600,"height":60}},"image":{"@type":"ImageObject","@id":"https:\/\/www.kuksu.cz\/wp-content\/uploads\/img_a343268_w2653_t1556388363.jpg","url":"https:\/\/www.kuksu.cz\/wp-content\/uploads\/img_a343268_w2653_t1556388363.jpg","height":0,"width":0},"wordCount":459,"keywords":null}]},{"@context":"https:\/\/schema.org","@type":"WebSite","@id":"https:\/\/www.kuksu.cz\/#website","name":"Kuksu","url":"https:\/\/www.kuksu.cz","potentialAction":{"@type":"SearchAction","target":"https:\/\/www.kuksu.cz\/?s={search_term_string}","query-input":"required name=search_term_string"}}]