[{"@context":"https:\/\/schema.org\/","@type":"Article","@id":"https:\/\/www.kuksu.cz\/mame-plne-kvalifikovany-a-zkuseny-personal\/#Article","mainEntityOfPage":"https:\/\/www.kuksu.cz\/mame-plne-kvalifikovany-a-zkuseny-personal\/","headline":"M\u00e1me pln\u011b kvalifikovan\u00fd a zku\u0161en\u00fd person\u00e1l","name":"M\u00e1me pln\u011b kvalifikovan\u00fd a zku\u0161en\u00fd person\u00e1l","description":"M\u00e1te doma osobn\u00ed vozidlo? V takov\u00e9m p\u0159\u00edpad\u011b bude pot\u0159ebovat slu\u017eby na\u0161eho Audi servisu. Vyu\u017eijte je. Budeme tady v\u017edycky i pro v\u00e1s. Sta\u010d\u00ed ho p\u0159iv\u00e9zt k n\u00e1m a my u\u017e se o n\u011bho postar\u00e1me. Zjist\u00edme, co mu sch\u00e1z\u00ed a hned nato [&hellip;]","datePublished":"2025-01-04","dateModified":"2025-01-04","author":{"@type":"Person","@id":"https:\/\/www.kuksu.cz\/author\/#Person","name":"","url":"https:\/\/www.kuksu.cz\/author\/","identifier":1,"image":{"@type":"ImageObject","@id":"https:\/\/secure.gravatar.com\/avatar\/d377e0490a87620b11de21ad8824e89a7cfe705f8d1d0508828fda84a9262785?s=96&d=mm&r=g","url":"https:\/\/secure.gravatar.com\/avatar\/d377e0490a87620b11de21ad8824e89a7cfe705f8d1d0508828fda84a9262785?s=96&d=mm&r=g","height":96,"width":96}},"publisher":{"@type":"Organization","name":"kuksu.cz","logo":{"@type":"ImageObject","@id":"\/logo.png","url":"\/logo.png","width":600,"height":60}},"url":"https:\/\/www.kuksu.cz\/mame-plne-kvalifikovany-a-zkuseny-personal\/","wordCount":176,"articleBody":"M\u00e1te doma osobn\u00ed vozidlo? V takov\u00e9m p\u0159\u00edpad\u011b bude pot\u0159ebovat slu\u017eby na\u0161eho Audi servisu. Vyu\u017eijte je. Budeme tady v\u017edycky i pro v\u00e1s. Sta\u010d\u00ed ho p\u0159iv\u00e9zt k n\u00e1m a my u\u017e se o n\u011bho postar\u00e1me. Zjist\u00edme, co mu sch\u00e1z\u00ed a hned nato se pust\u00edme do pr\u00e1ce. Uvid\u00edte, \u017ee s n\u00e1mi budete spokojeni. M\u00e1me \u0161pi\u010dkov\u00e9 odborn\u00edky, kte\u0159\u00ed sv\u00e9 pr\u00e1ci v\u00fdborn\u011b rozum\u00ed. T\u011b\u0161\u00edme se na v\u00e1s. Vlastn\u00edme certifik\u00e1t jakosti ISO Nyn\u00ed m\u00e1te jedine\u010dnou p\u0159\u00edle\u017eitost nechat si v na\u0161em Audi servisu opravit sv\u016fj automobil. M\u016f\u017ee se jednat o osobn\u00ed nebo lehk\u00fd n\u00e1kladn\u00ed. Jsme skv\u011ble vybaveni pot\u0159ebnou technikou a nechyb\u00ed n\u00e1m ani zku\u0161en\u00fd person\u00e1l. Nemus\u00edte m\u00edt \u017e\u00e1dn\u00e9 obavy, \u017ee bychom to nezvl\u00e1dli. Tak nev\u00e1hejte a p\u0159ije\u010fte za n\u00e1mi. \u010cek\u00e1me na v\u0161echny na\u0161e z\u00e1kazn\u00edky. Nezklameme v\u00e1s.                                                                                                                                                                                                                                                                                                                                                                                        3\/5 - (1 vote)        "},{"@context":"https:\/\/schema.org\/","@type":"BreadcrumbList","itemListElement":[{"@type":"ListItem","position":1,"name":"M\u00e1me pln\u011b kvalifikovan\u00fd a zku\u0161en\u00fd person\u00e1l","item":"https:\/\/www.kuksu.cz\/mame-plne-kvalifikovany-a-zkuseny-personal\/#breadcrumbitem"}]}]