[{"@context":"https:\/\/schema.org\/","@type":"Article","@id":"https:\/\/www.kuksu.cz\/i-vy-muzete-pouzivat-barevne-etikety\/#Article","mainEntityOfPage":"https:\/\/www.kuksu.cz\/i-vy-muzete-pouzivat-barevne-etikety\/","headline":"I vy m\u016f\u017eete pou\u017e\u00edvat barevn\u00e9 etikety","name":"I vy m\u016f\u017eete pou\u017e\u00edvat barevn\u00e9 etikety","description":"P\u0159em\u00fd\u0161l\u00edte nad t\u00edm, \u017ee je \u010das na zm\u011bnu? U\u017e se v\u00e1m b\u00edl\u00e9 etikety nel\u00edb\u00ed a rad\u011bji byste pou\u017e\u00edvali etikety barevn\u00e9? N\u011bco takov\u00e9ho je mo\u017en\u00e9. Sta\u010d\u00ed jen v\u011bd\u011bt, kde n\u011bco takov\u00e9ho sehnat. Existuje spole\u010dnost, kter\u00e1 v\u00e1m krom\u011b b\u00edl\u00fdch etiket skute\u010dn\u011b nab\u00eddne [&hellip;]","datePublished":"2021-08-11","dateModified":"2023-09-13","author":{"@type":"Person","@id":"https:\/\/www.kuksu.cz\/author\/#Person","name":"","url":"https:\/\/www.kuksu.cz\/author\/","identifier":1,"image":{"@type":"ImageObject","@id":"https:\/\/secure.gravatar.com\/avatar\/d377e0490a87620b11de21ad8824e89a7cfe705f8d1d0508828fda84a9262785?s=96&d=mm&r=g","url":"https:\/\/secure.gravatar.com\/avatar\/d377e0490a87620b11de21ad8824e89a7cfe705f8d1d0508828fda84a9262785?s=96&d=mm&r=g","height":96,"width":96}},"publisher":{"@type":"Organization","name":"kuksu.cz","logo":{"@type":"ImageObject","@id":"\/logo.png","url":"\/logo.png","width":600,"height":60}},"image":{"@type":"ImageObject","@id":"https:\/\/www.kuksu.cz\/wp-content\/uploads\/r%C5%AFzn%C3%A9%20barvy_1.PNG","url":"https:\/\/www.kuksu.cz\/wp-content\/uploads\/r%C5%AFzn%C3%A9%20barvy_1.PNG","height":0,"width":0},"url":"https:\/\/www.kuksu.cz\/i-vy-muzete-pouzivat-barevne-etikety\/","about":["Produkty"],"wordCount":442,"articleBody":" P\u0159em\u00fd\u0161l\u00edte nad t\u00edm, \u017ee je \u010das na zm\u011bnu? U\u017e se v\u00e1m b\u00edl\u00e9 etikety nel\u00edb\u00ed a rad\u011bji byste pou\u017e\u00edvali etikety barevn\u00e9? N\u011bco takov\u00e9ho je mo\u017en\u00e9. Sta\u010d\u00ed jen v\u011bd\u011bt, kde n\u011bco takov\u00e9ho sehnat. Existuje spole\u010dnost, kter\u00e1 v\u00e1m krom\u011b b\u00edl\u00fdch etiket skute\u010dn\u011b nab\u00eddne i barevn\u00e9. Pokud byste se r\u00e1di na nab\u00eddku pod\u00edvali, pak nav\u0161tivte webov\u00e9 str\u00e1nky dan\u00e9 spole\u010dnosti, kde najdete etikety v\u0161ech druh\u016f.Jestli je n\u011bco, co by v\u00e1m mohlo vyhovovat, pak jsou to samolep\u00edc\u00ed etikety barevn\u00e9. V\u011b\u0159te, \u017ee naj\u00edt zde n\u011bco takov\u00e9ho nebude \u017e\u00e1dn\u00fd probl\u00e9m. \u010c\u00edm d\u0159\u00edve se na danou str\u00e1nku pod\u00edv\u00e1te, t\u00edm rozhodn\u011b l\u00e9pe, jeliko\u017e je mo\u017en\u00e9, \u017ee najdete n\u011bco, co by v\u00e1m mohlo vyhovovat.Opravdu nemus\u00edte vyu\u017e\u00edvat pouze etikety b\u00edl\u00e9 barvy. Na barv\u00e1ch nen\u00ed rozhodn\u011b nic \u0161patn\u00e9ho. Za\u010dn\u011bte s n\u011b\u010d\u00edm takov\u00fdm pracovat i vy. Mo\u017en\u00e1, \u017ee sami na konec p\u0159ijdete na to, \u017ee nebylo v\u016fbec \u0161patn\u00fdm n\u00e1padem do n\u011b\u010deho takov\u00e9ho j\u00edt. V\u011b\u0159\u00edme, \u017ee m\u016f\u017eete b\u00fdt spokojeni a to nejen vy, ale i va\u0161i klienti, kte\u0159\u00ed r\u00e1di pr\u00e1v\u011b zm\u011bnu uv\u00edtaj\u00ed.Zkuste si n\u011bco takov\u00e9ho promyslet. Je mo\u017en\u00e9, \u017ee opravdu zjist\u00edte, \u017ee by nebylo na \u0161kodu n\u011bco takov\u00e9ho za\u010d\u00edt vyu\u017e\u00edvat. Nebojte se toho, \u017ee by takov\u00e9 barevn\u00e9 etikety byly p\u0159\u00edli\u0161 drah\u00e9. Opak je pravdou. Jejich cena nen\u00ed v\u016fbec vysok\u00e1.Jestli\u017ee m\u00e1te zrovna \u010das, pak zkuste nav\u0161t\u00edvit web, kter\u00fd je zde od toho, aby v\u00e1m poskytl to nejlep\u0161\u00ed. Mo\u017en\u00e1, \u017ee se na konec opravdu rozhodnete pro zm\u011bnu a vsad\u00edte pr\u00e1v\u011b na barevn\u00e9 etikety. Rozhodn\u011b ud\u011bl\u00e1te v\u00edce ne\u017e dob\u0159e a to u\u017e jen z toho d\u016fvodu, \u017ee zm\u011bna je jednou za \u010das pot\u0159eba. Opravdu ka\u017ed\u00fd m\u016f\u017ee b\u00fdt v dne\u0161n\u00ed dob\u011b spokojen\u00fd a to dokonce i vy. Nem\u011bjte z n\u011b\u010deho takov\u00e9ho strach.Nev\u00e1hejte a pod\u00edvejte se na to, co m\u016f\u017eete ji\u017e velmi vlastnit i vy a to co mo\u017en\u00e1 nejd\u0159\u00edve. Pracovat s barvami je velmi dobr\u00fdm n\u00e1padem. Vsa\u010fte na n\u011bco takov\u00e9ho. Barvy maj\u00ed rozhodn\u011b n\u011bco do sebe. Mo\u017en\u00e1, \u017ee i vy zjist\u00edte, \u017ee v\u00e1m n\u011bco takov\u00e9ho vyhovuje v\u00edce, ne\u017e jste p\u0159edpokl\u00e1dali.                                                                                                                                                                                                                                                                                                                                                                                         4.3\/5 - (6 votes)        "},{"@context":"https:\/\/schema.org\/","@type":"BreadcrumbList","itemListElement":[{"@type":"ListItem","position":1,"name":"I vy m\u016f\u017eete pou\u017e\u00edvat barevn\u00e9 etikety","item":"https:\/\/www.kuksu.cz\/i-vy-muzete-pouzivat-barevne-etikety\/#breadcrumbitem"}]}]